{"id":835,"date":"2018-04-16T10:29:10","date_gmt":"2018-04-16T08:29:10","guid":{"rendered":"http:\/\/michael-pickl.de\/?p=835"},"modified":"2018-04-16T10:32:36","modified_gmt":"2018-04-16T08:32:36","slug":"kunst-kultur-am-dachsberg-2","status":"publish","type":"post","link":"https:\/\/michael-pickl.de\/index.php\/2018\/04\/16\/kunst-kultur-am-dachsberg-2\/","title":{"rendered":"Kunst &#038; Kultur am Dachsberg"},"content":{"rendered":"<h3>&#8222;Kunst &amp; Kultur am Dachsberg&#8220;<\/h3>\n<p>from 27.04.2018 to 08.06.2018<\/p>\n<p><strong>Bernd B\u00f6hner\u00a0\u00a0\u00a0\u00a0\u00a0\u00a0\u00a0\u00a0\u00a0\u00a0\u00a0\u00a0\u00a0\u00a0 Fotografie<\/strong><br \/>\n<strong>Michael Pickl\u00a0\u00a0\u00a0\u00a0\u00a0\u00a0\u00a0\u00a0\u00a0\u00a0\u00a0\u00a0\u00a0\u00a0\u00a0 Skulptur<\/strong><\/p>\n<p>vernissage: Friday, 27.04.2018, 7:30pm<br \/>\n8pm: concert: Percussion und Marimba Solo:<br \/>\nRadek Szarek und das percussion-ensemble from colleg of music, N\u00fcrnberg<\/p>\n<div><strong>Blindeninstitut R\u00fcckersdorf<\/strong><br \/>\nDachsbergweg 1<br \/>\n90607 R\u00fcckersdorf<\/div>\n<div><\/div>\n<div><a href=\"https:\/\/www.blindeninstitut.de\/de\/rueckersdorf\/kunst-und-kultur\/veranstaltungen\/\" target=\"_blank\" rel=\"noopener\">Kunst&amp; Kultur am Dachsberg<\/a><\/div>","protected":false},"excerpt":{"rendered":"<p>&#8222;Kunst &amp; Kultur am Dachsberg&#8220; from 27.04.2018 to 08.06.2018 Bernd B\u00f6hner\u00a0\u00a0\u00a0\u00a0\u00a0\u00a0\u00a0\u00a0\u00a0\u00a0\u00a0\u00a0\u00a0\u00a0 Fotografie Michael Pickl\u00a0\u00a0\u00a0\u00a0\u00a0\u00a0\u00a0\u00a0\u00a0\u00a0\u00a0\u00a0\u00a0\u00a0\u00a0 Skulptur vernissage: Friday, 27.04.2018, 7:30pm 8pm: concert: Percussion und Marimba Solo: Radek Szarek und das percussion-ensemble from colleg of music, N\u00fcrnberg Blindeninstitut R\u00fcckersdorf Dachsbergweg 1 90607 R\u00fcckersdorf Kunst&amp; Kultur am Dachsberg<\/p>\n","protected":false},"author":1,"featured_media":0,"comment_status":"closed","ping_status":"open","sticky":false,"template":"","format":"standard","meta":[],"categories":[34],"tags":[],"_links":{"self":[{"href":"https:\/\/michael-pickl.de\/index.php\/wp-json\/wp\/v2\/posts\/835"}],"collection":[{"href":"https:\/\/michael-pickl.de\/index.php\/wp-json\/wp\/v2\/posts"}],"about":[{"href":"https:\/\/michael-pickl.de\/index.php\/wp-json\/wp\/v2\/types\/post"}],"author":[{"embeddable":true,"href":"https:\/\/michael-pickl.de\/index.php\/wp-json\/wp\/v2\/users\/1"}],"replies":[{"embeddable":true,"href":"https:\/\/michael-pickl.de\/index.php\/wp-json\/wp\/v2\/comments?post=835"}],"version-history":[{"count":4,"href":"https:\/\/michael-pickl.de\/index.php\/wp-json\/wp\/v2\/posts\/835\/revisions"}],"predecessor-version":[{"id":837,"href":"https:\/\/michael-pickl.de\/index.php\/wp-json\/wp\/v2\/posts\/835\/revisions\/837"}],"wp:attachment":[{"href":"https:\/\/michael-pickl.de\/index.php\/wp-json\/wp\/v2\/media?parent=835"}],"wp:term":[{"taxonomy":"category","embeddable":true,"href":"https:\/\/michael-pickl.de\/index.php\/wp-json\/wp\/v2\/categories?post=835"},{"taxonomy":"post_tag","embeddable":true,"href":"https:\/\/michael-pickl.de\/index.php\/wp-json\/wp\/v2\/tags?post=835"}],"curies":[{"name":"wp","href":"https:\/\/api.w.org\/{rel}","templated":true}]}}